{"id":2461,"date":"2026-04-19T21:01:10","date_gmt":"2026-04-19T21:01:10","guid":{"rendered":"https:\/\/ugip-tz.ba\/?p=2461"},"modified":"2026-04-25T21:05:19","modified_gmt":"2026-04-25T21:05:19","slug":"pero-jelisi-u-tuzli-_-1942026","status":"publish","type":"post","link":"https:\/\/ugip-tz.ba\/it\/pero-jelisi-u-tuzli-_-1942026\/","title":{"rendered":"PERO JELISICO A TUZLA _ 19.4.2026."},"content":{"rendered":"<div data-elementor-type=\"wp-post\" data-elementor-id=\"2461\" class=\"elementor elementor-2461\" data-elementor-post-type=\"post\">\n\t\t\t\t<div class=\"elementor-element elementor-element-249f9cb6 e-flex e-con-boxed e-con e-parent\" data-id=\"249f9cb6\" data-element_type=\"container\" data-e-type=\"container\">\n\t\t\t\t\t<div class=\"e-con-inner\">\n\t\t\t\t<div class=\"elementor-element elementor-element-38fba44e elementor-widget elementor-widget-text-editor\" data-id=\"38fba44e\" data-element_type=\"widget\" data-e-type=\"widget\" data-widget_type=\"text-editor.default\">\n\t\t\t\t<div class=\"elementor-widget-container\">\n\t\t\t\t\t\t\t\t\t<p>Lo scultore accademico Pero Jelisi\u0107 ha soggiornato a Tuzla dal 17 al 10 aprile 2026, tra l&#039;altro per girare alcune scene di un documentario sulla sua vita e le sue opere, ripercorrendo l&#039;infanzia e la crescita e rievocando ricordi di un periodo di cui conserva solo eventi positivi. Durante il suo soggiorno a Tuzla, Jelisi\u0107 ha visitato molti luoghi a lui cari. Dopo la cerimonia di benvenuto presso l&#039;amministrazione comunale, il 17 aprile, Jelisi\u0107, accompagnato dal suo seguito, ha visitato il liceo &quot;Me\u0161a Selimovi\u0107&quot;, dove ha insegnato arte per tre anni, e successivamente la Galleria Internazionale dei Ritratti di Tuzla, dove un tempo aveva uno studio in cui lavorava e creava. Jelisi\u0107 ha visitato anche i luoghi della regione di Tuzla dove si trovano i suoi monumenti, sculture, installazioni e busti.\u00a0<\/p>\n<p>Pero Jelisi\u0107 nacque ad Ajdinovi\u0107i nel 1939. I suoi genitori morirono durante la Seconda Guerra Mondiale, quindi lui e sua sorella Dragica furono portati a Tuzla. A Tuzla, ovvero a Kreka, fu accolto, cresciuto ed educato dalla famiglia \u0110ur\u0111ek, composta da Anto Braco e Johana. Johana \u0110ur\u0111ek, zia \u2013 come Jelisi\u0107 chiamava la sua tutrice \u2013 era di origine italiana, appartenente alla famiglia Segat. Johana era figlia di Giovani e Maria Segat, nata il 7 marzo 1906 a Simin Han. Mor\u00ec il 3 settembre 1982 a Tuzla. La famiglia viveva a Donja Kolona, a Kreka. Complet\u00f2 la scuola elementare presso la scuola Solana, la scuola secondaria di primo grado nell&#039;edificio dell&#039;ex monastero e poi si iscrisse all&#039;Accademia di Belle Arti di Zagabria. Si \u00e8 laureato all&#039;Accademia nel 1964 nella classe del professor Frano Kr\u0161ni\u0107. Dopo aver completato gli studi, ha frequentato e completato il Master presso il professor Vanja Radau\u0161 a Zagabria nel 1967. \u00c8 membro della Societ\u00e0 Croata degli Artisti dal 1965. Pero Jelisi\u0107 \u00e8 vincitore di numerosi premi nazionali per la scultura ed \u00e8 autore di numerosi monumenti pubblici nel territorio dell&#039;ex Jugoslavia. Ha partecipato a numerose mostre collettive e personali in tutta l&#039;ex Jugoslavia e in Europa. Tra i numerosi riconoscimenti ricevuti, spiccano il premio vinto al concorso internazionale per il monumento a Nikola Tesla a Praga e il premio &quot;Genio Tesla per il futuro&quot;.<\/p>\n<p>Durante la sua visita a Tuzla, Pero Jelisi\u0107 ha condiviso con piacere aneddoti ed eventi del periodo in cui viveva e lavorava in citt\u00e0. Conosceva Franja Leder, che lo stimava e si fidava di lui, e Ismet Mujezinovi\u0107, che lo considerava come un figlio. Forse non tutti sanno che, insieme a Leder, partecip\u00f2 alla costruzione del Ponte delle Statue. Ismet Mujezinovi\u0107 dirigeva la sezione artistica, a cui parteciparono numerosi pittori di fama, ma Ismet individu\u00f2 sempre Pero Jelisi\u0107 come il pi\u00f9 promettente. Molti articoli e interviste televisive sono stati scritti sulla vita turbolenta e ricca di successi di Pero Jelisi\u0107, che ha anche scritto la sua interessantissima biografia per il libro &quot;Italiani a Tuzla 1880-2019&quot;, a cura di Tihomir Kne\u017ei\u010dek. La sua preziosissima intervista per Nacional, in occasione del Tesla Spirit Award, \u00e8 stata pubblicata il 17 febbraio 2026. \u2013 disponibile sul sito web<\/p>\n<p><strong><a href=\"https:\/\/www.nacional.hr\/pero-jelisic-nikola-tesla-nije-povijesna-figura-on-je-suvremenik-svima-nama\/\">https:\/\/www.nacional.hr\/pero-jelisic-nikola-tesla-nije-povijesna-figura-on-je-suvremenik-svima-nama\/<\/a><\/strong><\/p>\n<p><!-- \/wp:gallery --><\/p>\t\t\t\t\t\t\t\t<\/div>\n\t\t\t\t<\/div>\n\t\t\t\t\t<\/div>\n\t\t\t\t<\/div>\n\t\t<div class=\"elementor-element elementor-element-8e87e94 e-flex e-con-boxed e-con e-parent\" data-id=\"8e87e94\" data-element_type=\"container\" data-e-type=\"container\">\n\t\t\t\t\t<div class=\"e-con-inner\">\n\t\t\t\t<div class=\"elementor-element elementor-element-a958e6d gallery-spacing-custom elementor-widget elementor-widget-image-gallery\" data-id=\"a958e6d\" data-element_type=\"widget\" data-e-type=\"widget\" data-widget_type=\"image-gallery.default\">\n\t\t\t\t<div class=\"elementor-widget-container\">\n\t\t\t\t\t\t\t<div class=\"elementor-image-gallery\">\n\t\t\t<div id='gallery-1' class='gallery galleryid-2461 gallery-columns-3 gallery-size-full'><figure class='gallery-item'>\n\t\t\t<div class='gallery-icon landscape'>\n\t\t\t\t<a data-elementor-open-lightbox=\"yes\" data-elementor-lightbox-slideshow=\"a958e6d\" data-elementor-lightbox-title=\"Picture26\" data-e-action-hash=\"#elementor-action%3Aaction%3Dlightbox%26settings%3DeyJpZCI6MjQ2NCwidXJsIjoiaHR0cHM6XC9cL3VnaXAtdHouYmFcL3dwLWNvbnRlbnRcL3VwbG9hZHNcLzIwMjZcLzA0XC9QaWN0dXJlMjYuanBnIiwic2xpZGVzaG93IjoiYTk1OGU2ZCJ9\" href='https:\/\/ugip-tz.ba\/wp-content\/uploads\/2026\/04\/Picture26.jpg'><img fetchpriority=\"high\" width=\"477\" height=\"477\" src=\"https:\/\/ugip-tz.ba\/wp-content\/uploads\/2026\/04\/Picture26.jpg\" class=\"attachment-full size-full\" alt=\"\" decoding=\"async\" srcset=\"https:\/\/ugip-tz.ba\/wp-content\/uploads\/2026\/04\/Picture26.jpg 477w, https:\/\/ugip-tz.ba\/wp-content\/uploads\/2026\/04\/Picture26-300x300.jpg 300w, https:\/\/ugip-tz.ba\/wp-content\/uploads\/2026\/04\/Picture26-150x150.jpg 150w, https:\/\/ugip-tz.ba\/wp-content\/uploads\/2026\/04\/Picture26-12x12.jpg 12w\" sizes=\"(max-width: 477px) 100vw, 477px\" \/><\/a>\n\t\t\t<\/div><\/figure><figure class='gallery-item'>\n\t\t\t<div class='gallery-icon portrait'>\n\t\t\t\t<a data-elementor-open-lightbox=\"yes\" data-elementor-lightbox-slideshow=\"a958e6d\" data-elementor-lightbox-title=\"Picture27\" data-e-action-hash=\"#elementor-action%3Aaction%3Dlightbox%26settings%3DeyJpZCI6MjQ2MywidXJsIjoiaHR0cHM6XC9cL3VnaXAtdHouYmFcL3dwLWNvbnRlbnRcL3VwbG9hZHNcLzIwMjZcLzA0XC9QaWN0dXJlMjcuanBnIiwic2xpZGVzaG93IjoiYTk1OGU2ZCJ9\" href='https:\/\/ugip-tz.ba\/wp-content\/uploads\/2026\/04\/Picture27.jpg'><img width=\"668\" height=\"891\" src=\"https:\/\/ugip-tz.ba\/wp-content\/uploads\/2026\/04\/Picture27.jpg\" class=\"attachment-full size-full\" alt=\"\" decoding=\"async\" srcset=\"https:\/\/ugip-tz.ba\/wp-content\/uploads\/2026\/04\/Picture27.jpg 668w, https:\/\/ugip-tz.ba\/wp-content\/uploads\/2026\/04\/Picture27-225x300.jpg 225w, https:\/\/ugip-tz.ba\/wp-content\/uploads\/2026\/04\/Picture27-9x12.jpg 9w\" sizes=\"(max-width: 668px) 100vw, 668px\" \/><\/a>\n\t\t\t<\/div><\/figure><figure class='gallery-item'>\n\t\t\t<div class='gallery-icon portrait'>\n\t\t\t\t<a data-elementor-open-lightbox=\"yes\" data-elementor-lightbox-slideshow=\"a958e6d\" data-elementor-lightbox-title=\"Picture28\" data-e-action-hash=\"#elementor-action%3Aaction%3Dlightbox%26settings%3DeyJpZCI6MjQ2MiwidXJsIjoiaHR0cHM6XC9cL3VnaXAtdHouYmFcL3dwLWNvbnRlbnRcL3VwbG9hZHNcLzIwMjZcLzA0XC9QaWN0dXJlMjguanBnIiwic2xpZGVzaG93IjoiYTk1OGU2ZCJ9\" href='https:\/\/ugip-tz.ba\/wp-content\/uploads\/2026\/04\/Picture28.jpg'><img width=\"722\" height=\"1020\" src=\"https:\/\/ugip-tz.ba\/wp-content\/uploads\/2026\/04\/Picture28.jpg\" class=\"attachment-full size-full\" alt=\"\" decoding=\"async\" srcset=\"https:\/\/ugip-tz.ba\/wp-content\/uploads\/2026\/04\/Picture28.jpg 722w, https:\/\/ugip-tz.ba\/wp-content\/uploads\/2026\/04\/Picture28-212x300.jpg 212w, https:\/\/ugip-tz.ba\/wp-content\/uploads\/2026\/04\/Picture28-8x12.jpg 8w\" sizes=\"(max-width: 722px) 100vw, 722px\" \/><\/a>\n\t\t\t<\/div><\/figure>\n\t\t<\/div>\n\t\t<\/div>\n\t\t\t\t\t\t<\/div>\n\t\t\t\t<\/div>\n\t\t\t\t\t<\/div>\n\t\t\t\t<\/div>\n\t\t\t\t<\/div>","protected":false},"excerpt":{"rendered":"<p>Akademski kipar Pero Jelisi\u0107, boravio je u Tuzli od 17.4. do 10.4.2026. godine, izme\u0111u ostalog zbog snimanja scena dokumentarnog filma o njegovom djelu i \u017eivotu, prisje\u0107aju\u0107i se djetinjstva i odrastanja, evociraju\u0107i uspomene na jedno vrijeme iz kojeg pamti samo lijepe doga\u0111aje. Jelisi\u0107 je u toku boravka u Tuzli obi\u0161ao mnoga mjesta za koja ga ve\u017eu [&hellip;]<\/p>\n","protected":false},"author":1,"featured_media":2465,"comment_status":"open","ping_status":"open","sticky":false,"template":"","format":"standard","meta":{"footnotes":""},"categories":[1],"tags":[],"class_list":["post-2461","post","type-post","status-publish","format-standard","has-post-thumbnail","hentry","category-uncategorized"],"_links":{"self":[{"href":"https:\/\/ugip-tz.ba\/it\/wp-json\/wp\/v2\/posts\/2461","targetHints":{"allow":["GET"]}}],"collection":[{"href":"https:\/\/ugip-tz.ba\/it\/wp-json\/wp\/v2\/posts"}],"about":[{"href":"https:\/\/ugip-tz.ba\/it\/wp-json\/wp\/v2\/types\/post"}],"author":[{"embeddable":true,"href":"https:\/\/ugip-tz.ba\/it\/wp-json\/wp\/v2\/users\/1"}],"replies":[{"embeddable":true,"href":"https:\/\/ugip-tz.ba\/it\/wp-json\/wp\/v2\/comments?post=2461"}],"version-history":[{"count":4,"href":"https:\/\/ugip-tz.ba\/it\/wp-json\/wp\/v2\/posts\/2461\/revisions"}],"predecessor-version":[{"id":2469,"href":"https:\/\/ugip-tz.ba\/it\/wp-json\/wp\/v2\/posts\/2461\/revisions\/2469"}],"wp:featuredmedia":[{"embeddable":true,"href":"https:\/\/ugip-tz.ba\/it\/wp-json\/wp\/v2\/media\/2465"}],"wp:attachment":[{"href":"https:\/\/ugip-tz.ba\/it\/wp-json\/wp\/v2\/media?parent=2461"}],"wp:term":[{"taxonomy":"category","embeddable":true,"href":"https:\/\/ugip-tz.ba\/it\/wp-json\/wp\/v2\/categories?post=2461"},{"taxonomy":"post_tag","embeddable":true,"href":"https:\/\/ugip-tz.ba\/it\/wp-json\/wp\/v2\/tags?post=2461"}],"curies":[{"name":"parola chiave","href":"https:\/\/api.w.org\/{rel}","templated":true}]}}