{"id":2453,"date":"2026-04-18T20:56:20","date_gmt":"2026-04-18T20:56:20","guid":{"rendered":"https:\/\/ugip-tz.ba\/?p=2453"},"modified":"2026-04-25T20:59:22","modified_gmt":"2026-04-25T20:59:22","slug":"baza-podataka-lanova-udruenja-ima-222-lana-_-1842026","status":"publish","type":"post","link":"https:\/\/ugip-tz.ba\/it\/baza-podataka-lanova-udruenja-ima-222-lana-_-1842026\/","title":{"rendered":"BAZA PODATAKA \u010cLANOVA UDRU\u017dENJA IMA 222 \u010cLANA _ 18.4.2026."},"content":{"rendered":"<div data-elementor-type=\"wp-post\" data-elementor-id=\"2453\" class=\"elementor elementor-2453\" data-elementor-post-type=\"post\">\n\t\t\t\t<div class=\"elementor-element elementor-element-249f9cb6 e-flex e-con-boxed e-con e-parent\" data-id=\"249f9cb6\" data-element_type=\"container\" data-e-type=\"container\">\n\t\t\t\t\t<div class=\"e-con-inner\">\n\t\t\t\t<div class=\"elementor-element elementor-element-38fba44e elementor-widget elementor-widget-text-editor\" data-id=\"38fba44e\" data-element_type=\"widget\" data-e-type=\"widget\" data-widget_type=\"text-editor.default\">\n\t\t\t\t<div class=\"elementor-widget-container\">\n\t\t\t\t\t\t\t\t\t<p>U nastojanju da se identifikuju \u010dlanovi UGIP \u201eRino Zandonai\u201c ura\u0111ena je baza podataka koja sadr\u017ei osnovne podatke o svakoj osobi koja se izjasnila da \u017eeli da bude \u010dlan Udru\u017eenja. \u010clanovi se permanentno prijavljuju, a do 18.4.2026. evidentirano je xxxx \u010dlanova. Pozivamo sve osobe koje nisu obuhva\u0107ene spiskom u bazi podataka \u010dlanova, a dobrovoljno \u017eele u\u010dlanjenje, da se prijave \u010dlanovima koji su ve\u0107 u\u010dlanjeni, ili predsjedniku udru\u017eenja Kne\u017ei\u010dek. Uslov za u\u010dlanjenje je da bilo koji od \u010dlanova obitelji ima poveznicu Italija-Tuzla, bez obzira da li \u017eivi u BiH ili inostranstvu, a sve osobe u doma\u0107instvu mogu biti \u010dlanovi (supru\u017enici i djeca). Shodno Statutu Udru\u017eenja, \u010dlanovi pla\u0107aju \u010dlanarinu 5 KM godi\u0161nje za svakog \u010dlana obitelji. \u010clanovi dobijaju \u010dlansku knji\u017eicu sa godinama va\u017eenja od 2021. do 2030. i priznanicu za pla\u0107eni iznos \u010dlanarine.<\/p>\n<p>Listu \u010dlanova Udru\u017eenja do 18.4.2026. mo\u017eete pogledati <a href=\"https:\/\/ugip-tz.ba\/wp-content\/uploads\/2026\/04\/Baza-podataka-1-UGIP-20-april-ZA-WEB-SAMO.pdf\" target=\"_blank\" rel=\"noopener\"><strong><u>QUI<\/u><\/strong><\/a>, sa napomenom da jedan broj \u010dlanova nije platio \u010dlanarinu zbog prihvatljivih okolnosti.<\/p>\n<p><!-- \/wp:gallery --><\/p>\t\t\t\t\t\t\t\t<\/div>\n\t\t\t\t<\/div>\n\t\t\t\t\t<\/div>\n\t\t\t\t<\/div>\n\t\t<div class=\"elementor-element elementor-element-8e87e94 e-flex e-con-boxed e-con e-parent\" data-id=\"8e87e94\" data-element_type=\"container\" data-e-type=\"container\">\n\t\t\t\t\t<div class=\"e-con-inner\">\n\t\t\t\t<div class=\"elementor-element elementor-element-a958e6d gallery-spacing-custom elementor-widget elementor-widget-image-gallery\" data-id=\"a958e6d\" data-element_type=\"widget\" data-e-type=\"widget\" data-widget_type=\"image-gallery.default\">\n\t\t\t\t<div class=\"elementor-widget-container\">\n\t\t\t\t\t\t\t<div class=\"elementor-image-gallery\">\n\t\t\t<div id='gallery-1' class='gallery galleryid-2453 gallery-columns-1 gallery-size-full'><figure class='gallery-item'>\n\t\t\t<div class='gallery-icon landscape'>\n\t\t\t\t<a data-elementor-open-lightbox=\"yes\" data-elementor-lightbox-slideshow=\"a958e6d\" data-elementor-lightbox-title=\"Picture24\" data-e-action-hash=\"#elementor-action%3Aaction%3Dlightbox%26settings%3DeyJpZCI6MjQ1NCwidXJsIjoiaHR0cHM6XC9cL3VnaXAtdHouYmFcL3dwLWNvbnRlbnRcL3VwbG9hZHNcLzIwMjZcLzA0XC9QaWN0dXJlMjQucG5nIiwic2xpZGVzaG93IjoiYTk1OGU2ZCJ9\" href='https:\/\/ugip-tz.ba\/wp-content\/uploads\/2026\/04\/Picture24.png'><img fetchpriority=\"high\" width=\"605\" height=\"594\" src=\"https:\/\/ugip-tz.ba\/wp-content\/uploads\/2026\/04\/Picture24.png\" class=\"attachment-full size-full\" alt=\"\" decoding=\"async\" srcset=\"https:\/\/ugip-tz.ba\/wp-content\/uploads\/2026\/04\/Picture24.png 605w, https:\/\/ugip-tz.ba\/wp-content\/uploads\/2026\/04\/Picture24-300x295.png 300w, https:\/\/ugip-tz.ba\/wp-content\/uploads\/2026\/04\/Picture24-12x12.png 12w\" sizes=\"(max-width: 605px) 100vw, 605px\" \/><\/a>\n\t\t\t<\/div><\/figure>\n\t\t<\/div>\n\t\t<\/div>\n\t\t\t\t\t\t<\/div>\n\t\t\t\t<\/div>\n\t\t\t\t\t<\/div>\n\t\t\t\t<\/div>\n\t\t\t\t<\/div>","protected":false},"excerpt":{"rendered":"<p>U nastojanju da se identifikuju \u010dlanovi UGIP \u201eRino Zandonai\u201c ura\u0111ena je baza podataka koja sadr\u017ei osnovne podatke o svakoj osobi koja se izjasnila da \u017eeli da bude \u010dlan Udru\u017eenja. \u010clanovi se permanentno prijavljuju, a do 18.4.2026. evidentirano je xxxx \u010dlanova. Pozivamo sve osobe koje nisu obuhva\u0107ene spiskom u bazi podataka \u010dlanova, a dobrovoljno \u017eele u\u010dlanjenje, [&hellip;]<\/p>\n","protected":false},"author":1,"featured_media":2455,"comment_status":"open","ping_status":"open","sticky":false,"template":"","format":"standard","meta":{"footnotes":""},"categories":[1],"tags":[],"class_list":["post-2453","post","type-post","status-publish","format-standard","has-post-thumbnail","hentry","category-uncategorized"],"_links":{"self":[{"href":"https:\/\/ugip-tz.ba\/it\/wp-json\/wp\/v2\/posts\/2453","targetHints":{"allow":["GET"]}}],"collection":[{"href":"https:\/\/ugip-tz.ba\/it\/wp-json\/wp\/v2\/posts"}],"about":[{"href":"https:\/\/ugip-tz.ba\/it\/wp-json\/wp\/v2\/types\/post"}],"author":[{"embeddable":true,"href":"https:\/\/ugip-tz.ba\/it\/wp-json\/wp\/v2\/users\/1"}],"replies":[{"embeddable":true,"href":"https:\/\/ugip-tz.ba\/it\/wp-json\/wp\/v2\/comments?post=2453"}],"version-history":[{"count":4,"href":"https:\/\/ugip-tz.ba\/it\/wp-json\/wp\/v2\/posts\/2453\/revisions"}],"predecessor-version":[{"id":2460,"href":"https:\/\/ugip-tz.ba\/it\/wp-json\/wp\/v2\/posts\/2453\/revisions\/2460"}],"wp:featuredmedia":[{"embeddable":true,"href":"https:\/\/ugip-tz.ba\/it\/wp-json\/wp\/v2\/media\/2455"}],"wp:attachment":[{"href":"https:\/\/ugip-tz.ba\/it\/wp-json\/wp\/v2\/media?parent=2453"}],"wp:term":[{"taxonomy":"category","embeddable":true,"href":"https:\/\/ugip-tz.ba\/it\/wp-json\/wp\/v2\/categories?post=2453"},{"taxonomy":"post_tag","embeddable":true,"href":"https:\/\/ugip-tz.ba\/it\/wp-json\/wp\/v2\/tags?post=2453"}],"curies":[{"name":"parola chiave","href":"https:\/\/api.w.org\/{rel}","templated":true}]}}