{"id":2072,"date":"2025-11-10T11:33:28","date_gmt":"2025-11-10T11:33:28","guid":{"rendered":"https:\/\/ugip-tz.ba\/?p=2072"},"modified":"2025-12-05T11:35:47","modified_gmt":"2025-12-05T11:35:47","slug":"odrzan-treci-forum-italijanske-muzike-u-zivinicama-sa-senadom-begovicem-_-10-11-2025","status":"publish","type":"post","link":"https:\/\/ugip-tz.ba\/it\/odrzan-treci-forum-italijanske-muzike-u-zivinicama-sa-senadom-begovicem-_-10-11-2025\/","title":{"rendered":"IL TERZO FORUM DELLA MUSICA ITALIANA SI \u00c8 TENUTO A \u017dIVINICE CON SENAD BEGOVI\u0106 _ 10.11.2025."},"content":{"rendered":"<div data-elementor-type=\"wp-post\" data-elementor-id=\"2072\" class=\"elementor elementor-2072\" data-elementor-post-type=\"post\">\n\t\t\t\t<div class=\"elementor-element elementor-element-249f9cb6 e-flex e-con-boxed e-con e-parent\" data-id=\"249f9cb6\" data-element_type=\"container\" data-e-type=\"container\">\n\t\t\t\t\t<div class=\"e-con-inner\">\n\t\t\t\t<div class=\"elementor-element elementor-element-38fba44e elementor-widget elementor-widget-text-editor\" data-id=\"38fba44e\" data-element_type=\"widget\" data-e-type=\"widget\" data-widget_type=\"text-editor.default\">\n\t\t\t\t<div class=\"elementor-widget-container\">\n\t\t\t\t\t\t\t\t\t<p>Il terzo Forum Musicale Italiano si \u00e8 tenuto presso il Centro Educativo della Croce Rossa di \u017divinice, in collaborazione con la ONG &quot;L&#039;Et\u00e0 d&#039;Oro di \u017divinice&quot;. L&#039;ospite del forum, Senad Begovi\u0107, esperto del Centro Culturale di Tuzla, ha presentato la musica da film utilizzata nel cinema italiano. \u00c8 stata presentata la musica da film del genere popolare del compositore Ennio Morricone, autore di classici del cinema italiano come gli spaghetti western. Oltre agli spaghetti western, \u00e8 stata presentata la musica della serie cinematografica &quot;Il Padrino&quot;, basata sul romanzo di Mario Puzo, per la quale Ennio Morricone ha scritto la musica. Nella seconda parte del Forum, \u00e8 stata presentata la musica di film famosi, composta da Luisa Bacalova, Nino Rota e Nicola Piovani. Dopo il Forum, ai partecipanti sono stati offerti rinfreschi, uno spuntino e un caff\u00e8, in quanto il programma prevedeva (e si \u00e8 svolto) il terzo dibattito letterario.<\/p>\n<p>Il progetto \u00e8 finanziato e sostenuto dal Ministero federale della cultura e dello sport.<\/p>\n<p><!-- \/wp:gallery --><\/p>\t\t\t\t\t\t\t\t<\/div>\n\t\t\t\t<\/div>\n\t\t\t\t<div class=\"elementor-element elementor-element-0d2a681 gallery-spacing-custom elementor-widget elementor-widget-image-gallery\" data-id=\"0d2a681\" data-element_type=\"widget\" data-e-type=\"widget\" data-widget_type=\"image-gallery.default\">\n\t\t\t\t<div class=\"elementor-widget-container\">\n\t\t\t\t\t\t\t<div class=\"elementor-image-gallery\">\n\t\t\t<div id='gallery-1' class='gallery galleryid-2072 gallery-columns-2 gallery-size-full'><figure class='gallery-item'>\n\t\t\t<div class='gallery-icon landscape'>\n\t\t\t\t<a data-elementor-open-lightbox=\"yes\" data-elementor-lightbox-slideshow=\"0d2a681\" data-elementor-lightbox-title=\"3\" data-e-action-hash=\"#elementor-action%3Aaction%3Dlightbox%26settings%3DeyJpZCI6MjA3NiwidXJsIjoiaHR0cHM6XC9cL3VnaXAtdHouYmFcL3dwLWNvbnRlbnRcL3VwbG9hZHNcLzIwMjVcLzEyXC8zLTIuanBnIiwic2xpZGVzaG93IjoiMGQyYTY4MSJ9\" href='https:\/\/ugip-tz.ba\/wp-content\/uploads\/2025\/12\/3-2.jpg'><img fetchpriority=\"high\" decoding=\"async\" width=\"1600\" height=\"1200\" src=\"https:\/\/ugip-tz.ba\/wp-content\/uploads\/2025\/12\/3-2.jpg\" class=\"attachment-full size-full\" alt=\"\" srcset=\"https:\/\/ugip-tz.ba\/wp-content\/uploads\/2025\/12\/3-2.jpg 1600w, https:\/\/ugip-tz.ba\/wp-content\/uploads\/2025\/12\/3-2-300x225.jpg 300w, https:\/\/ugip-tz.ba\/wp-content\/uploads\/2025\/12\/3-2-1024x768.jpg 1024w, https:\/\/ugip-tz.ba\/wp-content\/uploads\/2025\/12\/3-2-768x576.jpg 768w, https:\/\/ugip-tz.ba\/wp-content\/uploads\/2025\/12\/3-2-1536x1152.jpg 1536w, https:\/\/ugip-tz.ba\/wp-content\/uploads\/2025\/12\/3-2-16x12.jpg 16w\" sizes=\"(max-width: 1600px) 100vw, 1600px\" \/><\/a>\n\t\t\t<\/div><\/figure><figure class='gallery-item'>\n\t\t\t<div class='gallery-icon landscape'>\n\t\t\t\t<a data-elementor-open-lightbox=\"yes\" data-elementor-lightbox-slideshow=\"0d2a681\" data-elementor-lightbox-title=\"4\" data-e-action-hash=\"#elementor-action%3Aaction%3Dlightbox%26settings%3DeyJpZCI6MjA3NywidXJsIjoiaHR0cHM6XC9cL3VnaXAtdHouYmFcL3dwLWNvbnRlbnRcL3VwbG9hZHNcLzIwMjVcLzEyXC80LnBuZyIsInNsaWRlc2hvdyI6IjBkMmE2ODEifQ%3D%3D\" href='https:\/\/ugip-tz.ba\/wp-content\/uploads\/2025\/12\/4.png'><img decoding=\"async\" width=\"920\" height=\"690\" src=\"https:\/\/ugip-tz.ba\/wp-content\/uploads\/2025\/12\/4.png\" class=\"attachment-full size-full\" alt=\"\" srcset=\"https:\/\/ugip-tz.ba\/wp-content\/uploads\/2025\/12\/4.png 920w, https:\/\/ugip-tz.ba\/wp-content\/uploads\/2025\/12\/4-300x225.png 300w, https:\/\/ugip-tz.ba\/wp-content\/uploads\/2025\/12\/4-768x576.png 768w, https:\/\/ugip-tz.ba\/wp-content\/uploads\/2025\/12\/4-16x12.png 16w\" sizes=\"(max-width: 920px) 100vw, 920px\" \/><\/a>\n\t\t\t<\/div><\/figure><figure class='gallery-item'>\n\t\t\t<div class='gallery-icon portrait'>\n\t\t\t\t<a data-elementor-open-lightbox=\"yes\" data-elementor-lightbox-slideshow=\"0d2a681\" data-elementor-lightbox-title=\"2\" data-e-action-hash=\"#elementor-action%3Aaction%3Dlightbox%26settings%3DeyJpZCI6MjA3OCwidXJsIjoiaHR0cHM6XC9cL3VnaXAtdHouYmFcL3dwLWNvbnRlbnRcL3VwbG9hZHNcLzIwMjVcLzEyXC8yLTIuanBnIiwic2xpZGVzaG93IjoiMGQyYTY4MSJ9\" href='https:\/\/ugip-tz.ba\/wp-content\/uploads\/2025\/12\/2-2.jpg'><img decoding=\"async\" width=\"1200\" height=\"1600\" src=\"https:\/\/ugip-tz.ba\/wp-content\/uploads\/2025\/12\/2-2.jpg\" class=\"attachment-full size-full\" alt=\"\" srcset=\"https:\/\/ugip-tz.ba\/wp-content\/uploads\/2025\/12\/2-2.jpg 1200w, https:\/\/ugip-tz.ba\/wp-content\/uploads\/2025\/12\/2-2-225x300.jpg 225w, https:\/\/ugip-tz.ba\/wp-content\/uploads\/2025\/12\/2-2-768x1024.jpg 768w, https:\/\/ugip-tz.ba\/wp-content\/uploads\/2025\/12\/2-2-1152x1536.jpg 1152w, https:\/\/ugip-tz.ba\/wp-content\/uploads\/2025\/12\/2-2-9x12.jpg 9w\" sizes=\"(max-width: 1200px) 100vw, 1200px\" \/><\/a>\n\t\t\t<\/div><\/figure>\n\t\t<\/div>\n\t\t<\/div>\n\t\t\t\t\t\t<\/div>\n\t\t\t\t<\/div>\n\t\t\t\t\t<\/div>\n\t\t\t\t<\/div>\n\t\t\t\t<\/div>","protected":false},"excerpt":{"rendered":"<p>U Edukativnom centru Crvenog kri\u017ea \u017divinice, u saradnji sa NVO Zlatna dob \u017divinice, odr\u017ean je tre\u0107i Forum italijanske muzike. Gost foruma Senad Begovi\u0107, stru\u010dni radnik Centra za kulturu Tuzla, predstavio je filmsku muziku koja je kori\u0161tena u italijanskoj kinematografiji. Predstavljena je filmska muzika \u017eanra popularne muzike kompozitora Ennio Morricone koji je komponovao muziku za klasike [&hellip;]<\/p>\n","protected":false},"author":1,"featured_media":2074,"comment_status":"open","ping_status":"open","sticky":false,"template":"","format":"standard","meta":{"footnotes":""},"categories":[1],"tags":[],"class_list":["post-2072","post","type-post","status-publish","format-standard","has-post-thumbnail","hentry","category-uncategorized"],"_links":{"self":[{"href":"https:\/\/ugip-tz.ba\/it\/wp-json\/wp\/v2\/posts\/2072","targetHints":{"allow":["GET"]}}],"collection":[{"href":"https:\/\/ugip-tz.ba\/it\/wp-json\/wp\/v2\/posts"}],"about":[{"href":"https:\/\/ugip-tz.ba\/it\/wp-json\/wp\/v2\/types\/post"}],"author":[{"embeddable":true,"href":"https:\/\/ugip-tz.ba\/it\/wp-json\/wp\/v2\/users\/1"}],"replies":[{"embeddable":true,"href":"https:\/\/ugip-tz.ba\/it\/wp-json\/wp\/v2\/comments?post=2072"}],"version-history":[{"count":5,"href":"https:\/\/ugip-tz.ba\/it\/wp-json\/wp\/v2\/posts\/2072\/revisions"}],"predecessor-version":[{"id":2081,"href":"https:\/\/ugip-tz.ba\/it\/wp-json\/wp\/v2\/posts\/2072\/revisions\/2081"}],"wp:featuredmedia":[{"embeddable":true,"href":"https:\/\/ugip-tz.ba\/it\/wp-json\/wp\/v2\/media\/2074"}],"wp:attachment":[{"href":"https:\/\/ugip-tz.ba\/it\/wp-json\/wp\/v2\/media?parent=2072"}],"wp:term":[{"taxonomy":"category","embeddable":true,"href":"https:\/\/ugip-tz.ba\/it\/wp-json\/wp\/v2\/categories?post=2072"},{"taxonomy":"post_tag","embeddable":true,"href":"https:\/\/ugip-tz.ba\/it\/wp-json\/wp\/v2\/tags?post=2072"}],"curies":[{"name":"parola chiave","href":"https:\/\/api.w.org\/{rel}","templated":true}]}}