{"id":1686,"date":"2025-07-17T08:42:11","date_gmt":"2025-07-17T08:42:11","guid":{"rendered":"https:\/\/ugip-tz.ba\/?p=1686"},"modified":"2025-08-05T08:43:55","modified_gmt":"2025-08-05T08:43:55","slug":"udruzenje-nastupa-gastro-ponudom-u-bijeljini-_-17-7-2025","status":"publish","type":"post","link":"https:\/\/ugip-tz.ba\/it\/udruzenje-nastupa-gastro-ponudom-u-bijeljini-_-17-7-2025\/","title":{"rendered":"ASSOCIAZIONE DI OFFERTA GASTRO PERFORMANCE A BIJELJINA _ 17.7.2025."},"content":{"rendered":"<div data-elementor-type=\"wp-post\" data-elementor-id=\"1686\" class=\"elementor elementor-1686\" data-elementor-post-type=\"post\">\n\t\t\t\t<div class=\"elementor-element elementor-element-249f9cb6 e-flex e-con-boxed e-con e-parent\" data-id=\"249f9cb6\" data-element_type=\"container\" data-e-type=\"container\">\n\t\t\t\t\t<div class=\"e-con-inner\">\n\t\t\t\t<div class=\"elementor-element elementor-element-38fba44e elementor-widget elementor-widget-text-editor\" data-id=\"38fba44e\" data-element_type=\"widget\" data-e-type=\"widget\" data-widget_type=\"text-editor.default\">\n\t\t\t\t<div class=\"elementor-widget-container\">\n\t\t\t\t\t\t\t\t\t<p>Citt\u00e0 di Bijeljina \u2013 L&#039;ufficio del sindaco ha invitato l&#039;associazione &quot;Rino Zandonai&quot; a partecipare all&#039;evento &quot;Giornata della cultura italiana&quot;, che si terr\u00e0 nell&#039;ambito delle Giornate di Pantelimon 2025 - Bijeljina e il mondo. L&#039;evento del 2025 \u00e8 dedicato alle conquiste culturali e di altro tipo dell&#039;Italia e l&#039;associazione si esibir\u00e0 il 6 agosto 2025. I risultati e le esperienze precedenti dell&#039;associazione nell&#039;organizzazione della Giornata della cucina italiana a Tuzla hanno motivato l&#039;amministrazione comunale di Bijeljina ad arricchire l&#039;evento &quot;Bijeljina e il mondo&quot; con la partecipazione dell&#039;associazione di Tuzla. La citt\u00e0 di Bijeljina ha stanziato fondi per un importo di 4.560 KM per l&#039;organizzazione dell&#039;evento, nonch\u00e9 per la realizzazione dell&#039;ambiente in cui si svolger\u00e0 l&#039;evento, che si terr\u00e0 nella piazza principale della citt\u00e0. L&#039;associazione parteciper\u00e0 all&#039;evento con la Giornata della cucina italiana in modo da promuovere l&#039;offerta gastronomica italiana ai cittadini di Bijeljina e stampare un piccolo libro di cucina con ricette per l&#039;offerta gastronomica italiana che verr\u00e0 offerta a Bijeljina.<\/p>\n<p><!-- \/wp:gallery --><\/p>\t\t\t\t\t\t\t\t<\/div>\n\t\t\t\t<\/div>\n\t\t\t\t\t<\/div>\n\t\t\t\t<\/div>\n\t\t\t\t<\/div>","protected":false},"excerpt":{"rendered":"<p>Grad Bijeljina &#8211; Kabinet Gradona\u010delnika pozvao je Udru\u017eenje \u201eRino Zandonai\u201c da u\u010destvuje u manifestaciji Dan italijanske kulture koja se odr\u017eava u okviru Pantelinskih dana 2025 \u2013 Bijeljina i svijet. Manifestacija u 2025. godini je posve\u0107ena kulturnim i drugim dostignu\u0107ima Italije, udru\u017eenje \u0107e nastupiti na manifestaciji 6.8.2025. godine. Prethodni rezultati i iskustva udru\u017eenja u realizaciji Dana [&hellip;]<\/p>\n","protected":false},"author":1,"featured_media":1688,"comment_status":"open","ping_status":"open","sticky":false,"template":"","format":"standard","meta":{"footnotes":""},"categories":[1],"tags":[],"class_list":["post-1686","post","type-post","status-publish","format-standard","has-post-thumbnail","hentry","category-uncategorized"],"_links":{"self":[{"href":"https:\/\/ugip-tz.ba\/it\/wp-json\/wp\/v2\/posts\/1686","targetHints":{"allow":["GET"]}}],"collection":[{"href":"https:\/\/ugip-tz.ba\/it\/wp-json\/wp\/v2\/posts"}],"about":[{"href":"https:\/\/ugip-tz.ba\/it\/wp-json\/wp\/v2\/types\/post"}],"author":[{"embeddable":true,"href":"https:\/\/ugip-tz.ba\/it\/wp-json\/wp\/v2\/users\/1"}],"replies":[{"embeddable":true,"href":"https:\/\/ugip-tz.ba\/it\/wp-json\/wp\/v2\/comments?post=1686"}],"version-history":[{"count":5,"href":"https:\/\/ugip-tz.ba\/it\/wp-json\/wp\/v2\/posts\/1686\/revisions"}],"predecessor-version":[{"id":1692,"href":"https:\/\/ugip-tz.ba\/it\/wp-json\/wp\/v2\/posts\/1686\/revisions\/1692"}],"wp:featuredmedia":[{"embeddable":true,"href":"https:\/\/ugip-tz.ba\/it\/wp-json\/wp\/v2\/media\/1688"}],"wp:attachment":[{"href":"https:\/\/ugip-tz.ba\/it\/wp-json\/wp\/v2\/media?parent=1686"}],"wp:term":[{"taxonomy":"category","embeddable":true,"href":"https:\/\/ugip-tz.ba\/it\/wp-json\/wp\/v2\/categories?post=1686"},{"taxonomy":"post_tag","embeddable":true,"href":"https:\/\/ugip-tz.ba\/it\/wp-json\/wp\/v2\/tags?post=1686"}],"curies":[{"name":"parola chiave","href":"https:\/\/api.w.org\/{rel}","templated":true}]}}