{"id":1679,"date":"2025-07-16T08:40:34","date_gmt":"2025-07-16T08:40:34","guid":{"rendered":"https:\/\/ugip-tz.ba\/?p=1679"},"modified":"2025-08-05T08:41:44","modified_gmt":"2025-08-05T08:41:44","slug":"sjecanje-na-miroslava-zamboni-_-16-7-2025","status":"publish","type":"post","link":"https:\/\/ugip-tz.ba\/it\/sjecanje-na-miroslava-zamboni-_-16-7-2025\/","title":{"rendered":"MEMORIA DI MIROSLAV ZAMBONI _ 16.7.2025."},"content":{"rendered":"<div data-elementor-type=\"wp-post\" data-elementor-id=\"1679\" class=\"elementor elementor-1679\" data-elementor-post-type=\"post\">\n\t\t\t\t<div class=\"elementor-element elementor-element-249f9cb6 e-flex e-con-boxed e-con e-parent\" data-id=\"249f9cb6\" data-element_type=\"container\" data-e-type=\"container\">\n\t\t\t\t\t<div class=\"e-con-inner\">\n\t\t\t\t<div class=\"elementor-element elementor-element-38fba44e elementor-widget elementor-widget-text-editor\" data-id=\"38fba44e\" data-element_type=\"widget\" data-e-type=\"widget\" data-widget_type=\"text-editor.default\">\n\t\t\t\t<div class=\"elementor-widget-container\">\n\t\t\t\t\t\t\t\t\t<p>Zamboni Miroslav, figlio di Rudolf e Marija Zamboni di Tuzla, \u00e8 morto a Zagabria il 16 luglio 2025 a causa di una grave malattia. Miroslav Mir\u010de Zamboni \u00e8 lo zio di Tihomir e \u017deljka Kne\u017ei\u010dek. Miroslav nacque il 2 febbraio 1937 a Kreka. Si diplom\u00f2 al liceo di Tuzla e and\u00f2 a studiare a Zagabria. Mentre frequentava il liceo, gioc\u00f2 a basket in prima divisione nello &quot;Sloboda&quot;, precedentemente nel &quot;Proleter&quot; di Kreka. Sebbene non fosse alto, Miroslav era un giocatore di basket eccezionale, e quei giorni sono ancora oggi ricordati dagli anziani di Kreka che giocavano a basket per il Partizan. Dopo essersi diplomato al liceo, nel 1956 si trasfer\u00ec a Zagabria per studiare. Durante gli studi, frequent\u00f2 un gruppo di residenti di Tuzla che studiavano anche a Zagabria, tra cui Jakov Mott. Non termin\u00f2 gli studi, rimase a Zagabria e form\u00f2 una famiglia. Lavor\u00f2 in ambito amministrativo fino alla pensione. Sua moglie Ljerka mor\u00ec nel 2021, suo figlio Darje nel 2017. La figlia Arijana trascorse tutta la vita con Mirceta. Fu sepolto a Mirogoj il 24\/07\/2025.<\/p>\n<p><!-- \/wp:gallery --><\/p>\t\t\t\t\t\t\t\t<\/div>\n\t\t\t\t<\/div>\n\t\t\t\t\t<\/div>\n\t\t\t\t<\/div>\n\t\t\t\t<\/div>","protected":false},"excerpt":{"rendered":"<p>Zamboni Miroslav, sin Rudolfa i Marije Zamboni iz Tuzle, umro je u Zagrebu 16.7.2025. godine od te\u0161ke bolesti. Miroslav Mir\u010de Zamboni je ujak Tihomira i \u017deljke Kne\u017ei\u010dek. Miroslav je ro\u0111en 2.2.1937. godine u Kreki. Zavr\u0161io je Gimnaziju u Tuzli i oti\u0161ao da studira u Zagreb. Dok je i\u0161ao u gimnaziju, igrao je ko\u0161arku u prvoj [&hellip;]<\/p>\n","protected":false},"author":1,"featured_media":1681,"comment_status":"open","ping_status":"open","sticky":false,"template":"","format":"standard","meta":{"footnotes":""},"categories":[1],"tags":[],"class_list":["post-1679","post","type-post","status-publish","format-standard","has-post-thumbnail","hentry","category-uncategorized"],"_links":{"self":[{"href":"https:\/\/ugip-tz.ba\/it\/wp-json\/wp\/v2\/posts\/1679","targetHints":{"allow":["GET"]}}],"collection":[{"href":"https:\/\/ugip-tz.ba\/it\/wp-json\/wp\/v2\/posts"}],"about":[{"href":"https:\/\/ugip-tz.ba\/it\/wp-json\/wp\/v2\/types\/post"}],"author":[{"embeddable":true,"href":"https:\/\/ugip-tz.ba\/it\/wp-json\/wp\/v2\/users\/1"}],"replies":[{"embeddable":true,"href":"https:\/\/ugip-tz.ba\/it\/wp-json\/wp\/v2\/comments?post=1679"}],"version-history":[{"count":5,"href":"https:\/\/ugip-tz.ba\/it\/wp-json\/wp\/v2\/posts\/1679\/revisions"}],"predecessor-version":[{"id":1685,"href":"https:\/\/ugip-tz.ba\/it\/wp-json\/wp\/v2\/posts\/1679\/revisions\/1685"}],"wp:featuredmedia":[{"embeddable":true,"href":"https:\/\/ugip-tz.ba\/it\/wp-json\/wp\/v2\/media\/1681"}],"wp:attachment":[{"href":"https:\/\/ugip-tz.ba\/it\/wp-json\/wp\/v2\/media?parent=1679"}],"wp:term":[{"taxonomy":"category","embeddable":true,"href":"https:\/\/ugip-tz.ba\/it\/wp-json\/wp\/v2\/categories?post=1679"},{"taxonomy":"post_tag","embeddable":true,"href":"https:\/\/ugip-tz.ba\/it\/wp-json\/wp\/v2\/tags?post=1679"}],"curies":[{"name":"parola chiave","href":"https:\/\/api.w.org\/{rel}","templated":true}]}}