{"id":1424,"date":"2025-06-05T10:08:31","date_gmt":"2025-06-05T10:08:31","guid":{"rendered":"https:\/\/ugip-tz.ba\/?p=1424"},"modified":"2025-06-25T22:13:12","modified_gmt":"2025-06-25T22:13:12","slug":"gradonacelnik-tuzle-primio-u-zvanicnu-posjetu-ambasadoricu-italije-_-5-6-2025","status":"publish","type":"post","link":"https:\/\/ugip-tz.ba\/it\/gradonacelnik-tuzle-primio-u-zvanicnu-posjetu-ambasadoricu-italije-_-5-6-2025\/","title":{"rendered":"IL SINDACO DI TUZLA HA RICEVUTO L&#039;AMBASCIATORE D&#039;ITALIA IN VISITA UFFICIALE _ 5.6.2025."},"content":{"rendered":"<div data-elementor-type=\"wp-post\" data-elementor-id=\"1424\" class=\"elementor elementor-1424\" data-elementor-post-type=\"post\">\n\t\t\t\t<div class=\"elementor-element elementor-element-249f9cb6 e-flex e-con-boxed e-con e-parent\" data-id=\"249f9cb6\" data-element_type=\"container\" data-e-type=\"container\">\n\t\t\t\t\t<div class=\"e-con-inner\">\n\t\t\t\t<div class=\"elementor-element elementor-element-38fba44e elementor-widget elementor-widget-text-editor\" data-id=\"38fba44e\" data-element_type=\"widget\" data-e-type=\"widget\" data-widget_type=\"text-editor.default\">\n\t\t\t\t<div class=\"elementor-widget-container\">\n\t\t\t\t\t\t\t\t\t<p>Il Sindaco di Tuzla, Dr. Sc. Zijad Lugavi\u0107 e i suoi collaboratori hanno ospitato l&#039;Ambasciatrice della Repubblica d&#039;Italia in Bosnia ed Erzegovina, S.E. Sarah Eti Castellani, presso l&#039;Amministrazione Comunale gioved\u00ec 5 giugno. La visita \u00e8 stata organizzata in occasione della Festa della Repubblica d&#039;Italia, il 2 giugno a Tuzla, e ha rappresentato l&#039;occasione per discutere del miglioramento della cooperazione tra Italia e Bosnia ed Erzegovina, con particolare attenzione al collegamento tra citt\u00e0 e regioni dei due Paesi. Durante l&#039;incontro sono state discusse le possibilit\u00e0 di realizzare progetti congiunti nei settori della cultura, dell&#039;efficienza energetica, della trasformazione digitale e delle tecnologie moderne. Particolare attenzione \u00e8 stata posta al rinnovo dei partenariati con le citt\u00e0 italiane, nonch\u00e9 ai progetti che possono contribuire all&#039;ulteriore sviluppo di Tuzla e al miglioramento della qualit\u00e0 della vita dei suoi cittadini. \u00c8 stata inoltre sottolineata l&#039;importanza di preservare il multiculturalismo e il continuo sostegno alle minoranze nazionali come uno dei valori fondamentali della citt\u00e0. All&#039;incontro hanno partecipato Svjetlana Kake\u0161, membro dell&#039;UGIP &quot;Rino Zandonai&quot; in rappresentanza del Consiglio comunale, e Tihomir Kne\u017ei\u010dek, presidente dell&#039;associazione.<\/p>\n<p><!-- \/wp:gallery --><\/p>\t\t\t\t\t\t\t\t<\/div>\n\t\t\t\t<\/div>\n\t\t\t\t<div class=\"elementor-element elementor-element-f6a79b4 gallery-spacing-custom elementor-widget elementor-widget-image-gallery\" data-id=\"f6a79b4\" data-element_type=\"widget\" data-e-type=\"widget\" data-widget_type=\"image-gallery.default\">\n\t\t\t\t<div class=\"elementor-widget-container\">\n\t\t\t\t\t\t\t<div class=\"elementor-image-gallery\">\n\t\t\t<div id='gallery-1' class='gallery galleryid-1424 gallery-columns-2 gallery-size-full'><figure class='gallery-item'>\n\t\t\t<div class='gallery-icon landscape'>\n\t\t\t\t<a data-elementor-open-lightbox=\"yes\" data-elementor-lightbox-slideshow=\"f6a79b4\" data-elementor-lightbox-title=\"12\" data-e-action-hash=\"#elementor-action%3Aaction%3Dlightbox%26settings%3DeyJpZCI6MTQyOSwidXJsIjoiaHR0cHM6XC9cL3VnaXAtdHouYmFcL3dwLWNvbnRlbnRcL3VwbG9hZHNcLzIwMjVcLzA2XC8xMi5qcGciLCJzbGlkZXNob3ciOiJmNmE3OWI0In0%3D\" href='https:\/\/ugip-tz.ba\/wp-content\/uploads\/2025\/06\/12.jpg'><img fetchpriority=\"high\" decoding=\"async\" width=\"1700\" height=\"1082\" src=\"https:\/\/ugip-tz.ba\/wp-content\/uploads\/2025\/06\/12.jpg\" class=\"attachment-full size-full\" alt=\"\" srcset=\"https:\/\/ugip-tz.ba\/wp-content\/uploads\/2025\/06\/12.jpg 1700w, https:\/\/ugip-tz.ba\/wp-content\/uploads\/2025\/06\/12-300x191.jpg 300w, https:\/\/ugip-tz.ba\/wp-content\/uploads\/2025\/06\/12-1024x652.jpg 1024w, https:\/\/ugip-tz.ba\/wp-content\/uploads\/2025\/06\/12-768x489.jpg 768w, https:\/\/ugip-tz.ba\/wp-content\/uploads\/2025\/06\/12-1536x978.jpg 1536w, https:\/\/ugip-tz.ba\/wp-content\/uploads\/2025\/06\/12-18x12.jpg 18w\" sizes=\"(max-width: 1700px) 100vw, 1700px\" \/><\/a>\n\t\t\t<\/div><\/figure><figure class='gallery-item'>\n\t\t\t<div class='gallery-icon landscape'>\n\t\t\t\t<a data-elementor-open-lightbox=\"yes\" data-elementor-lightbox-slideshow=\"f6a79b4\" data-elementor-lightbox-title=\"9\" data-e-action-hash=\"#elementor-action%3Aaction%3Dlightbox%26settings%3DeyJpZCI6MTQyNiwidXJsIjoiaHR0cHM6XC9cL3VnaXAtdHouYmFcL3dwLWNvbnRlbnRcL3VwbG9hZHNcLzIwMjVcLzA2XC85LmpwZyIsInNsaWRlc2hvdyI6ImY2YTc5YjQifQ%3D%3D\" href='https:\/\/ugip-tz.ba\/wp-content\/uploads\/2025\/06\/9.jpg'><img decoding=\"async\" width=\"1440\" height=\"937\" src=\"https:\/\/ugip-tz.ba\/wp-content\/uploads\/2025\/06\/9.jpg\" class=\"attachment-full size-full\" alt=\"\" srcset=\"https:\/\/ugip-tz.ba\/wp-content\/uploads\/2025\/06\/9.jpg 1440w, https:\/\/ugip-tz.ba\/wp-content\/uploads\/2025\/06\/9-300x195.jpg 300w, https:\/\/ugip-tz.ba\/wp-content\/uploads\/2025\/06\/9-1024x666.jpg 1024w, https:\/\/ugip-tz.ba\/wp-content\/uploads\/2025\/06\/9-768x500.jpg 768w, https:\/\/ugip-tz.ba\/wp-content\/uploads\/2025\/06\/9-18x12.jpg 18w\" sizes=\"(max-width: 1440px) 100vw, 1440px\" \/><\/a>\n\t\t\t<\/div><\/figure><figure class='gallery-item'>\n\t\t\t<div class='gallery-icon landscape'>\n\t\t\t\t<a data-elementor-open-lightbox=\"yes\" data-elementor-lightbox-slideshow=\"f6a79b4\" data-elementor-lightbox-title=\"11\" data-e-action-hash=\"#elementor-action%3Aaction%3Dlightbox%26settings%3DeyJpZCI6MTQyOCwidXJsIjoiaHR0cHM6XC9cL3VnaXAtdHouYmFcL3dwLWNvbnRlbnRcL3VwbG9hZHNcLzIwMjVcLzA2XC8xMS5qcGciLCJzbGlkZXNob3ciOiJmNmE3OWI0In0%3D\" href='https:\/\/ugip-tz.ba\/wp-content\/uploads\/2025\/06\/11.jpg'><img decoding=\"async\" width=\"1700\" height=\"1005\" src=\"https:\/\/ugip-tz.ba\/wp-content\/uploads\/2025\/06\/11.jpg\" class=\"attachment-full size-full\" alt=\"\" srcset=\"https:\/\/ugip-tz.ba\/wp-content\/uploads\/2025\/06\/11.jpg 1700w, https:\/\/ugip-tz.ba\/wp-content\/uploads\/2025\/06\/11-300x177.jpg 300w, https:\/\/ugip-tz.ba\/wp-content\/uploads\/2025\/06\/11-1024x605.jpg 1024w, https:\/\/ugip-tz.ba\/wp-content\/uploads\/2025\/06\/11-768x454.jpg 768w, https:\/\/ugip-tz.ba\/wp-content\/uploads\/2025\/06\/11-1536x908.jpg 1536w, https:\/\/ugip-tz.ba\/wp-content\/uploads\/2025\/06\/11-18x12.jpg 18w\" sizes=\"(max-width: 1700px) 100vw, 1700px\" \/><\/a>\n\t\t\t<\/div><\/figure>\n\t\t<\/div>\n\t\t<\/div>\n\t\t\t\t\t\t<\/div>\n\t\t\t\t<\/div>\n\t\t\t\t\t<\/div>\n\t\t\t\t<\/div>\n\t\t\t\t<\/div>","protected":false},"excerpt":{"rendered":"<p>Gradona\u010delnik Tuzle, dr. sc. Zijad Lugavi\u0107 sa saradnicama je u \u010detvrtak 5. juna, u Gradskoj upravi,\u00a0 ugostio ambasadoricu Republike Italije u Bosni i Hercegovini, Nj.E. Sarah Eti Castellani. Posjeta je uprili\u010dena povodom obilje\u017eavanja Dana Republike Italije \u2013 2. juna u Tuzli, te je bila prilika za razgovor o unapre\u0111enju saradnje izme\u0111u Italije i Bosne i [&hellip;]<\/p>\n","protected":false},"author":1,"featured_media":1427,"comment_status":"open","ping_status":"open","sticky":false,"template":"","format":"standard","meta":{"footnotes":""},"categories":[1],"tags":[],"class_list":["post-1424","post","type-post","status-publish","format-standard","has-post-thumbnail","hentry","category-uncategorized"],"_links":{"self":[{"href":"https:\/\/ugip-tz.ba\/it\/wp-json\/wp\/v2\/posts\/1424","targetHints":{"allow":["GET"]}}],"collection":[{"href":"https:\/\/ugip-tz.ba\/it\/wp-json\/wp\/v2\/posts"}],"about":[{"href":"https:\/\/ugip-tz.ba\/it\/wp-json\/wp\/v2\/types\/post"}],"author":[{"embeddable":true,"href":"https:\/\/ugip-tz.ba\/it\/wp-json\/wp\/v2\/users\/1"}],"replies":[{"embeddable":true,"href":"https:\/\/ugip-tz.ba\/it\/wp-json\/wp\/v2\/comments?post=1424"}],"version-history":[{"count":5,"href":"https:\/\/ugip-tz.ba\/it\/wp-json\/wp\/v2\/posts\/1424\/revisions"}],"predecessor-version":[{"id":1433,"href":"https:\/\/ugip-tz.ba\/it\/wp-json\/wp\/v2\/posts\/1424\/revisions\/1433"}],"wp:featuredmedia":[{"embeddable":true,"href":"https:\/\/ugip-tz.ba\/it\/wp-json\/wp\/v2\/media\/1427"}],"wp:attachment":[{"href":"https:\/\/ugip-tz.ba\/it\/wp-json\/wp\/v2\/media?parent=1424"}],"wp:term":[{"taxonomy":"category","embeddable":true,"href":"https:\/\/ugip-tz.ba\/it\/wp-json\/wp\/v2\/categories?post=1424"},{"taxonomy":"post_tag","embeddable":true,"href":"https:\/\/ugip-tz.ba\/it\/wp-json\/wp\/v2\/tags?post=1424"}],"curies":[{"name":"parola chiave","href":"https:\/\/api.w.org\/{rel}","templated":true}]}}