{"id":2461,"date":"2026-04-19T21:01:10","date_gmt":"2026-04-19T21:01:10","guid":{"rendered":"https:\/\/ugip-tz.ba\/?p=2461"},"modified":"2026-04-25T21:05:19","modified_gmt":"2026-04-25T21:05:19","slug":"pero-jelisi-u-tuzli-_-1942026","status":"publish","type":"post","link":"https:\/\/ugip-tz.ba\/en\/pero-jelisi-u-tuzli-_-1942026\/","title":{"rendered":"PERO JELISIC IN TUZLA _ 19.4.2026."},"content":{"rendered":"<div data-elementor-type=\"wp-post\" data-elementor-id=\"2461\" class=\"elementor elementor-2461\" data-elementor-post-type=\"post\">\n\t\t\t\t<div class=\"elementor-element elementor-element-249f9cb6 e-flex e-con-boxed e-con e-parent\" data-id=\"249f9cb6\" data-element_type=\"container\" data-e-type=\"container\">\n\t\t\t\t\t<div class=\"e-con-inner\">\n\t\t\t\t<div class=\"elementor-element elementor-element-38fba44e elementor-widget elementor-widget-text-editor\" data-id=\"38fba44e\" data-element_type=\"widget\" data-e-type=\"widget\" data-widget_type=\"text-editor.default\">\n\t\t\t\t<div class=\"elementor-widget-container\">\n\t\t\t\t\t\t\t\t\t<p>Academic sculptor Pero Jelisi\u0107 stayed in Tuzla from 17.4. until 10.4.2026. year, among other things due to filming scenes of a documentary film about his work and life, recalling his childhood and growing up, evoking memories of a time from which he remembers only good events. During his stay in Tuzla, Jelisi\u0107 visited many places that he has fond memories of. After the ceremonial reception in the city administration, on April 17, Jelisi\u0107, with his entourage, visited the &quot;Me\u0161a Selimovi\u0107&quot; high school where he was an art teacher for three years, and after that he visited the Tuzla International Portrait Gallery, where he once had a studio where he worked and created. Jelisi\u0107 visited the places where his monuments, sculptures, installations and busts are located in the Tuzla region.\u00a0<\/p>\n<p>Pero Jelisi\u0107 was born in Ajdinovi\u0107i in 1939. His parents died in the Second World War, so he and his sister Dragica were brought to Tuzla. In Tuzla, i.e. Kreki, he was accepted, raised and educated by the \u0110ur\u0111ek family - Anto Braco and Johana. Johana \u0110ur\u0111ek, aunt - as Jelisi\u0107 called his guardian, is of Italian origin in the Segat family. Johana is the daughter of Giovani and Maria Segat, born on 7 March 1906. in Simin Han. She died on September 3, 1982. in Tuzla. The family lived in Donja Kolona in Kreka. He finished elementary school at the Solana school, a secondary teacher&#039;s school in the building of the former Kloster, and then entered the Academy of Fine Arts in Zagreb. He graduated from the Academy in 1964 in the class of professor Frano Kr\u0161ni\u0107. After completing his studies, he entered and completed the Master&#039;s workshop of professor Vanja Radau\u0161 in Zagreb in 1967. He has been a member of the Croatian Society of Fine Artists since 1965. Pero Jelisi\u0107 is the winner of a large number of national awards for sculpture and is the author of numerous public monuments in the territory of the former Yugoslavia. He is a participant in numerous collective and independent exhibitions throughout the former state and Europe. He is the winner of numerous awards, among which the award won at the international competition for the monument to Nikola Tesla in Prague and the award of the Tesla genius for the future association stand out.<\/p>\n<p>During his visit to Tuzla, Pero Jelisi\u0107 was happy to share anecdotes and events from the time when he lived or worked in Tuzla. He knew Franja Leder, who respected and trusted him, as well as Ismet Mujezinovi\u0107, who saw him as a son. Many may not know that together with Leder he participated in the construction of the Bridge with Statues. Ismet Mujezinovi\u0107 led the art section, which was attended by numerous renowned painters, but Ismet always singled out Pero Jelisi\u0107 as the most promising. Many articles and TV interviews have been written about Pera Jelisi\u0107&#039;s turbulent and successful life, and he wrote his very interesting biography for the book &quot;Italians in Tuzla 1880-2019&quot;, authored by Tihomir Kne\u017ei\u010dek. Jelisi\u0107&#039;s extremely valuable interview for Nacional on the occasion of the Tesla Spirit Award was published on February 17, 2026. \u2013 available on the website<\/p>\n<p><strong><a href=\"https:\/\/www.nacional.hr\/pero-jelisic-nikola-tesla-nije-povijesna-figura-on-je-suvremenik-svima-nama\/\">https:\/\/www.nacional.hr\/pero-jelisic-nikola-tesla-nije-povijesna-figura-on-je-suvremenik-svima-nama\/<\/a><\/strong><\/p>\n<p><!-- \/wp:gallery --><\/p>\t\t\t\t\t\t\t\t<\/div>\n\t\t\t\t<\/div>\n\t\t\t\t\t<\/div>\n\t\t\t\t<\/div>\n\t\t<div class=\"elementor-element elementor-element-8e87e94 e-flex e-con-boxed e-con e-parent\" data-id=\"8e87e94\" data-element_type=\"container\" data-e-type=\"container\">\n\t\t\t\t\t<div class=\"e-con-inner\">\n\t\t\t\t<div class=\"elementor-element elementor-element-a958e6d gallery-spacing-custom elementor-widget elementor-widget-image-gallery\" data-id=\"a958e6d\" data-element_type=\"widget\" data-e-type=\"widget\" data-widget_type=\"image-gallery.default\">\n\t\t\t\t<div class=\"elementor-widget-container\">\n\t\t\t\t\t\t\t<div class=\"elementor-image-gallery\">\n\t\t\t<div id='gallery-1' class='gallery galleryid-2461 gallery-columns-3 gallery-size-full'><figure class='gallery-item'>\n\t\t\t<div class='gallery-icon landscape'>\n\t\t\t\t<a data-elementor-open-lightbox=\"yes\" data-elementor-lightbox-slideshow=\"a958e6d\" data-elementor-lightbox-title=\"Picture26\" data-e-action-hash=\"#elementor-action%3Aaction%3Dlightbox%26settings%3DeyJpZCI6MjQ2NCwidXJsIjoiaHR0cHM6XC9cL3VnaXAtdHouYmFcL3dwLWNvbnRlbnRcL3VwbG9hZHNcLzIwMjZcLzA0XC9QaWN0dXJlMjYuanBnIiwic2xpZGVzaG93IjoiYTk1OGU2ZCJ9\" href='https:\/\/ugip-tz.ba\/wp-content\/uploads\/2026\/04\/Picture26.jpg'><img fetchpriority=\"high\" width=\"477\" height=\"477\" src=\"https:\/\/ugip-tz.ba\/wp-content\/uploads\/2026\/04\/Picture26.jpg\" class=\"attachment-full size-full\" alt=\"\" decoding=\"async\" srcset=\"https:\/\/ugip-tz.ba\/wp-content\/uploads\/2026\/04\/Picture26.jpg 477w, https:\/\/ugip-tz.ba\/wp-content\/uploads\/2026\/04\/Picture26-300x300.jpg 300w, https:\/\/ugip-tz.ba\/wp-content\/uploads\/2026\/04\/Picture26-150x150.jpg 150w, https:\/\/ugip-tz.ba\/wp-content\/uploads\/2026\/04\/Picture26-12x12.jpg 12w\" sizes=\"(max-width: 477px) 100vw, 477px\" \/><\/a>\n\t\t\t<\/div><\/figure><figure class='gallery-item'>\n\t\t\t<div class='gallery-icon portrait'>\n\t\t\t\t<a data-elementor-open-lightbox=\"yes\" data-elementor-lightbox-slideshow=\"a958e6d\" data-elementor-lightbox-title=\"Picture27\" data-e-action-hash=\"#elementor-action%3Aaction%3Dlightbox%26settings%3DeyJpZCI6MjQ2MywidXJsIjoiaHR0cHM6XC9cL3VnaXAtdHouYmFcL3dwLWNvbnRlbnRcL3VwbG9hZHNcLzIwMjZcLzA0XC9QaWN0dXJlMjcuanBnIiwic2xpZGVzaG93IjoiYTk1OGU2ZCJ9\" href='https:\/\/ugip-tz.ba\/wp-content\/uploads\/2026\/04\/Picture27.jpg'><img width=\"668\" height=\"891\" src=\"https:\/\/ugip-tz.ba\/wp-content\/uploads\/2026\/04\/Picture27.jpg\" class=\"attachment-full size-full\" alt=\"\" decoding=\"async\" srcset=\"https:\/\/ugip-tz.ba\/wp-content\/uploads\/2026\/04\/Picture27.jpg 668w, https:\/\/ugip-tz.ba\/wp-content\/uploads\/2026\/04\/Picture27-225x300.jpg 225w, https:\/\/ugip-tz.ba\/wp-content\/uploads\/2026\/04\/Picture27-9x12.jpg 9w\" sizes=\"(max-width: 668px) 100vw, 668px\" \/><\/a>\n\t\t\t<\/div><\/figure><figure class='gallery-item'>\n\t\t\t<div class='gallery-icon portrait'>\n\t\t\t\t<a data-elementor-open-lightbox=\"yes\" data-elementor-lightbox-slideshow=\"a958e6d\" data-elementor-lightbox-title=\"Picture28\" data-e-action-hash=\"#elementor-action%3Aaction%3Dlightbox%26settings%3DeyJpZCI6MjQ2MiwidXJsIjoiaHR0cHM6XC9cL3VnaXAtdHouYmFcL3dwLWNvbnRlbnRcL3VwbG9hZHNcLzIwMjZcLzA0XC9QaWN0dXJlMjguanBnIiwic2xpZGVzaG93IjoiYTk1OGU2ZCJ9\" href='https:\/\/ugip-tz.ba\/wp-content\/uploads\/2026\/04\/Picture28.jpg'><img width=\"722\" height=\"1020\" src=\"https:\/\/ugip-tz.ba\/wp-content\/uploads\/2026\/04\/Picture28.jpg\" class=\"attachment-full size-full\" alt=\"\" decoding=\"async\" srcset=\"https:\/\/ugip-tz.ba\/wp-content\/uploads\/2026\/04\/Picture28.jpg 722w, https:\/\/ugip-tz.ba\/wp-content\/uploads\/2026\/04\/Picture28-212x300.jpg 212w, https:\/\/ugip-tz.ba\/wp-content\/uploads\/2026\/04\/Picture28-8x12.jpg 8w\" sizes=\"(max-width: 722px) 100vw, 722px\" \/><\/a>\n\t\t\t<\/div><\/figure>\n\t\t<\/div>\n\t\t<\/div>\n\t\t\t\t\t\t<\/div>\n\t\t\t\t<\/div>\n\t\t\t\t\t<\/div>\n\t\t\t\t<\/div>\n\t\t\t\t<\/div>","protected":false},"excerpt":{"rendered":"<p>Akademski kipar Pero Jelisi\u0107, boravio je u Tuzli od 17.4. do 10.4.2026. godine, izme\u0111u ostalog zbog snimanja scena dokumentarnog filma o njegovom djelu i \u017eivotu, prisje\u0107aju\u0107i se djetinjstva i odrastanja, evociraju\u0107i uspomene na jedno vrijeme iz kojeg pamti samo lijepe doga\u0111aje. Jelisi\u0107 je u toku boravka u Tuzli obi\u0161ao mnoga mjesta za koja ga ve\u017eu [&hellip;]<\/p>\n","protected":false},"author":1,"featured_media":2465,"comment_status":"open","ping_status":"open","sticky":false,"template":"","format":"standard","meta":{"footnotes":""},"categories":[1],"tags":[],"class_list":["post-2461","post","type-post","status-publish","format-standard","has-post-thumbnail","hentry","category-uncategorized"],"_links":{"self":[{"href":"https:\/\/ugip-tz.ba\/en\/wp-json\/wp\/v2\/posts\/2461","targetHints":{"allow":["GET"]}}],"collection":[{"href":"https:\/\/ugip-tz.ba\/en\/wp-json\/wp\/v2\/posts"}],"about":[{"href":"https:\/\/ugip-tz.ba\/en\/wp-json\/wp\/v2\/types\/post"}],"author":[{"embeddable":true,"href":"https:\/\/ugip-tz.ba\/en\/wp-json\/wp\/v2\/users\/1"}],"replies":[{"embeddable":true,"href":"https:\/\/ugip-tz.ba\/en\/wp-json\/wp\/v2\/comments?post=2461"}],"version-history":[{"count":4,"href":"https:\/\/ugip-tz.ba\/en\/wp-json\/wp\/v2\/posts\/2461\/revisions"}],"predecessor-version":[{"id":2469,"href":"https:\/\/ugip-tz.ba\/en\/wp-json\/wp\/v2\/posts\/2461\/revisions\/2469"}],"wp:featuredmedia":[{"embeddable":true,"href":"https:\/\/ugip-tz.ba\/en\/wp-json\/wp\/v2\/media\/2465"}],"wp:attachment":[{"href":"https:\/\/ugip-tz.ba\/en\/wp-json\/wp\/v2\/media?parent=2461"}],"wp:term":[{"taxonomy":"category","embeddable":true,"href":"https:\/\/ugip-tz.ba\/en\/wp-json\/wp\/v2\/categories?post=2461"},{"taxonomy":"post_tag","embeddable":true,"href":"https:\/\/ugip-tz.ba\/en\/wp-json\/wp\/v2\/tags?post=2461"}],"curies":[{"name":"wp","href":"https:\/\/api.w.org\/{rel}","templated":true}]}}