{"id":1670,"date":"2025-07-10T08:36:41","date_gmt":"2025-07-10T08:36:41","guid":{"rendered":"https:\/\/ugip-tz.ba\/?p=1670"},"modified":"2025-08-05T08:39:36","modified_gmt":"2025-08-05T08:39:36","slug":"objavljena-reportaza-u-magazinu-trentini-nel-modno-_-10-7-2025","status":"publish","type":"post","link":"https:\/\/ugip-tz.ba\/en\/objavljena-reportaza-u-magazinu-trentini-nel-modno-_-10-7-2025\/","title":{"rendered":"PUBLISHED REPORT IN TRENTINI NEL MODNO MAGAZINE _ 10.7.2025."},"content":{"rendered":"<div data-elementor-type=\"wp-post\" data-elementor-id=\"1670\" class=\"elementor elementor-1670\" data-elementor-post-type=\"post\">\n\t\t\t\t<div class=\"elementor-element elementor-element-249f9cb6 e-flex e-con-boxed e-con e-parent\" data-id=\"249f9cb6\" data-element_type=\"container\" data-e-type=\"container\">\n\t\t\t\t\t<div class=\"e-con-inner\">\n\t\t\t\t<div class=\"elementor-element elementor-element-38fba44e elementor-widget elementor-widget-text-editor\" data-id=\"38fba44e\" data-element_type=\"widget\" data-e-type=\"widget\" data-widget_type=\"text-editor.default\">\n\t\t\t\t<div class=\"elementor-widget-container\">\n\t\t\t\t\t\t\t\t\t<p>The monthly magazine published by the Trentini nel mondo association, No. 7\/2025, contains articles on the association&#039;s activities. Reports were published on the celebration of the Day of the Republic of Italy in Tuzla, on the Il Perugino exhibition in the lobby of the Tuzla Cultural Center, the opening of the renovated premises of the association and the &quot;Salinas&quot; library, and the opening of the exhibition of Italians who left their mark in Tuzla. In this way, the results of the Association&#039;s work are available to the global community of Trentinos, as well as to other people who inherit the Italian tradition, whether in Italy or outside of Italy. The magazine is published in print and electronic versions.<\/p>\n<p><!-- \/wp:gallery --><\/p>\t\t\t\t\t\t\t\t<\/div>\n\t\t\t\t<\/div>\n\t\t\t\t\t<\/div>\n\t\t\t\t<\/div>\n\t\t\t\t<\/div>","protected":false},"excerpt":{"rendered":"<p>U mjese\u010dnom magazinu koji izdaje asocijacija Trentini nel mondo br. 7\/2025 objavljeni su \u010dlanci o aktivnostima udru\u017eenja. Objavljene su reporta\u017ee o obilje\u017eavanju Dana Republike Italije u Tuzli, o izlo\u017ebi Il Perugino u holu Centra za kulturu Tuzla, otvaranju obnovljenih prostorija udru\u017eenja i biblioteke \u201eSalinas\u201c i otvaranju izlo\u017ebe Italijana koji su ostavili trag u Tuzli. Na [&hellip;]<\/p>\n","protected":false},"author":1,"featured_media":1675,"comment_status":"open","ping_status":"open","sticky":false,"template":"","format":"standard","meta":{"footnotes":""},"categories":[1],"tags":[],"class_list":["post-1670","post","type-post","status-publish","format-standard","has-post-thumbnail","hentry","category-uncategorized"],"_links":{"self":[{"href":"https:\/\/ugip-tz.ba\/en\/wp-json\/wp\/v2\/posts\/1670","targetHints":{"allow":["GET"]}}],"collection":[{"href":"https:\/\/ugip-tz.ba\/en\/wp-json\/wp\/v2\/posts"}],"about":[{"href":"https:\/\/ugip-tz.ba\/en\/wp-json\/wp\/v2\/types\/post"}],"author":[{"embeddable":true,"href":"https:\/\/ugip-tz.ba\/en\/wp-json\/wp\/v2\/users\/1"}],"replies":[{"embeddable":true,"href":"https:\/\/ugip-tz.ba\/en\/wp-json\/wp\/v2\/comments?post=1670"}],"version-history":[{"count":5,"href":"https:\/\/ugip-tz.ba\/en\/wp-json\/wp\/v2\/posts\/1670\/revisions"}],"predecessor-version":[{"id":1678,"href":"https:\/\/ugip-tz.ba\/en\/wp-json\/wp\/v2\/posts\/1670\/revisions\/1678"}],"wp:featuredmedia":[{"embeddable":true,"href":"https:\/\/ugip-tz.ba\/en\/wp-json\/wp\/v2\/media\/1675"}],"wp:attachment":[{"href":"https:\/\/ugip-tz.ba\/en\/wp-json\/wp\/v2\/media?parent=1670"}],"wp:term":[{"taxonomy":"category","embeddable":true,"href":"https:\/\/ugip-tz.ba\/en\/wp-json\/wp\/v2\/categories?post=1670"},{"taxonomy":"post_tag","embeddable":true,"href":"https:\/\/ugip-tz.ba\/en\/wp-json\/wp\/v2\/tags?post=1670"}],"curies":[{"name":"wp","href":"https:\/\/api.w.org\/{rel}","templated":true}]}}