{"id":1413,"date":"2025-06-02T22:05:39","date_gmt":"2025-06-02T22:05:39","guid":{"rendered":"https:\/\/ugip-tz.ba\/?p=1413"},"modified":"2025-06-25T22:07:45","modified_gmt":"2025-06-25T22:07:45","slug":"michele-malfer-odgovorio-na-poziv-udruzenja-_-2-6-2025","status":"publish","type":"post","link":"https:\/\/ugip-tz.ba\/en\/michele-malfer-odgovorio-na-poziv-udruzenja-_-2-6-2025\/","title":{"rendered":"MICHELE MALFER RESPONDED TO THE ASSOCIATION&#039;S INVITATION _ 2.6.2025."},"content":{"rendered":"<div data-elementor-type=\"wp-post\" data-elementor-id=\"1413\" class=\"elementor elementor-1413\" data-elementor-post-type=\"post\">\n\t\t\t\t<div class=\"elementor-element elementor-element-249f9cb6 e-flex e-con-boxed e-con e-parent\" data-id=\"249f9cb6\" data-element_type=\"container\" data-e-type=\"container\">\n\t\t\t\t\t<div class=\"e-con-inner\">\n\t\t\t\t<div class=\"elementor-element elementor-element-38fba44e elementor-widget elementor-widget-text-editor\" data-id=\"38fba44e\" data-element_type=\"widget\" data-e-type=\"widget\" data-widget_type=\"text-editor.default\">\n\t\t\t\t<div class=\"elementor-widget-container\">\n\t\t\t\t\t\t\t\t\t<p>The invitation to celebrate the Day of the Italian Republic in Tuzla and to open the renovated premises of the association was sent to the councilor of the Autonomous Province of Trento Michele Malfer, who represents the interests of Italians outside Italy by mandate. The councilor is well acquainted with the activities of the association in Tuzla, supports the activities and efforts of the Association, and wrote in the letter that he has obligations that are more priority and that relate to the affairs of the provincial government, so he was prevented from coming to Tuzla. His letter is a sign of respect and support for the Italian community in Tuzla, which gives reason to expect a meeting on some future occasion.<\/p>\n<p><!-- \/wp:gallery --><\/p>\t\t\t\t\t\t\t\t<\/div>\n\t\t\t\t<\/div>\n\t\t\t\t<div class=\"elementor-element elementor-element-f6a79b4 gallery-spacing-custom elementor-widget elementor-widget-image-gallery\" data-id=\"f6a79b4\" data-element_type=\"widget\" data-e-type=\"widget\" data-widget_type=\"image-gallery.default\">\n\t\t\t\t<div class=\"elementor-widget-container\">\n\t\t\t\t\t\t\t<div class=\"elementor-image-gallery\">\n\t\t\t<div id='gallery-1' class='gallery galleryid-1413 gallery-columns-2 gallery-size-full'><figure class='gallery-item'>\n\t\t\t<div class='gallery-icon portrait'>\n\t\t\t\t<a data-elementor-open-lightbox=\"yes\" data-elementor-lightbox-slideshow=\"f6a79b4\" data-elementor-lightbox-title=\"7\" data-e-action-hash=\"#elementor-action%3Aaction%3Dlightbox%26settings%3DeyJpZCI6MTQyMCwidXJsIjoiaHR0cHM6XC9cL3VnaXAtdHouYmFcL3dwLWNvbnRlbnRcL3VwbG9hZHNcLzIwMjVcLzA2XC83LTEuanBnIiwic2xpZGVzaG93IjoiZjZhNzliNCJ9\" href='https:\/\/ugip-tz.ba\/wp-content\/uploads\/2025\/06\/7-1.jpg'><img fetchpriority=\"high\" decoding=\"async\" width=\"652\" height=\"923\" src=\"https:\/\/ugip-tz.ba\/wp-content\/uploads\/2025\/06\/7-1.jpg\" class=\"attachment-full size-full\" alt=\"\" srcset=\"https:\/\/ugip-tz.ba\/wp-content\/uploads\/2025\/06\/7-1.jpg 652w, https:\/\/ugip-tz.ba\/wp-content\/uploads\/2025\/06\/7-1-212x300.jpg 212w, https:\/\/ugip-tz.ba\/wp-content\/uploads\/2025\/06\/7-1-8x12.jpg 8w\" sizes=\"(max-width: 652px) 100vw, 652px\" \/><\/a>\n\t\t\t<\/div><\/figure><figure class='gallery-item'>\n\t\t\t<div class='gallery-icon portrait'>\n\t\t\t\t<a data-elementor-open-lightbox=\"yes\" data-elementor-lightbox-slideshow=\"f6a79b4\" data-elementor-lightbox-title=\"8\" data-e-action-hash=\"#elementor-action%3Aaction%3Dlightbox%26settings%3DeyJpZCI6MTQxOSwidXJsIjoiaHR0cHM6XC9cL3VnaXAtdHouYmFcL3dwLWNvbnRlbnRcL3VwbG9hZHNcLzIwMjVcLzA2XC84LTEuanBnIiwic2xpZGVzaG93IjoiZjZhNzliNCJ9\" href='https:\/\/ugip-tz.ba\/wp-content\/uploads\/2025\/06\/8-1.jpg'><img decoding=\"async\" width=\"624\" height=\"882\" src=\"https:\/\/ugip-tz.ba\/wp-content\/uploads\/2025\/06\/8-1.jpg\" class=\"attachment-full size-full\" alt=\"\" srcset=\"https:\/\/ugip-tz.ba\/wp-content\/uploads\/2025\/06\/8-1.jpg 624w, https:\/\/ugip-tz.ba\/wp-content\/uploads\/2025\/06\/8-1-212x300.jpg 212w, https:\/\/ugip-tz.ba\/wp-content\/uploads\/2025\/06\/8-1-8x12.jpg 8w\" sizes=\"(max-width: 624px) 100vw, 624px\" \/><\/a>\n\t\t\t<\/div><\/figure>\n\t\t<\/div>\n\t\t<\/div>\n\t\t\t\t\t\t<\/div>\n\t\t\t\t<\/div>\n\t\t\t\t\t<\/div>\n\t\t\t\t<\/div>\n\t\t\t\t<\/div>","protected":false},"excerpt":{"rendered":"<p>Poziv na obilje\u017eavanje Dana Republike Italije u Tuzli i otvaranje renoviranih prostorija udru\u017eenja, upu\u0107en je vije\u0107niku Autonomne pokrajine Trento Michele Malfer koji po mandatu zastupa interese Italijana izvan Italije. Vije\u0107nik je dobro upoznat sa djelovanjem udru\u017eenja u Tuzli, podr\u017eava aktivnosti i napore Udru\u017eenja, a u pismu napisao da ima obaveza koje su ipak prioritetnije a [&hellip;]<\/p>\n","protected":false},"author":1,"featured_media":1415,"comment_status":"open","ping_status":"open","sticky":false,"template":"","format":"standard","meta":{"footnotes":""},"categories":[1],"tags":[],"class_list":["post-1413","post","type-post","status-publish","format-standard","has-post-thumbnail","hentry","category-uncategorized"],"_links":{"self":[{"href":"https:\/\/ugip-tz.ba\/en\/wp-json\/wp\/v2\/posts\/1413","targetHints":{"allow":["GET"]}}],"collection":[{"href":"https:\/\/ugip-tz.ba\/en\/wp-json\/wp\/v2\/posts"}],"about":[{"href":"https:\/\/ugip-tz.ba\/en\/wp-json\/wp\/v2\/types\/post"}],"author":[{"embeddable":true,"href":"https:\/\/ugip-tz.ba\/en\/wp-json\/wp\/v2\/users\/1"}],"replies":[{"embeddable":true,"href":"https:\/\/ugip-tz.ba\/en\/wp-json\/wp\/v2\/comments?post=1413"}],"version-history":[{"count":5,"href":"https:\/\/ugip-tz.ba\/en\/wp-json\/wp\/v2\/posts\/1413\/revisions"}],"predecessor-version":[{"id":1423,"href":"https:\/\/ugip-tz.ba\/en\/wp-json\/wp\/v2\/posts\/1413\/revisions\/1423"}],"wp:featuredmedia":[{"embeddable":true,"href":"https:\/\/ugip-tz.ba\/en\/wp-json\/wp\/v2\/media\/1415"}],"wp:attachment":[{"href":"https:\/\/ugip-tz.ba\/en\/wp-json\/wp\/v2\/media?parent=1413"}],"wp:term":[{"taxonomy":"category","embeddable":true,"href":"https:\/\/ugip-tz.ba\/en\/wp-json\/wp\/v2\/categories?post=1413"},{"taxonomy":"post_tag","embeddable":true,"href":"https:\/\/ugip-tz.ba\/en\/wp-json\/wp\/v2\/tags?post=1413"}],"curies":[{"name":"wp","href":"https:\/\/api.w.org\/{rel}","templated":true}]}}