{"id":1402,"date":"2025-04-25T21:49:53","date_gmt":"2025-04-25T21:49:53","guid":{"rendered":"https:\/\/ugip-tz.ba\/?p=1402"},"modified":"2025-06-25T21:57:06","modified_gmt":"2025-06-25T21:57:06","slug":"ucesce-na-sajmu-turizma-i-gastrokulture-u-bijeljini-_-25-4-2025","status":"publish","type":"post","link":"https:\/\/ugip-tz.ba\/en\/ucesce-na-sajmu-turizma-i-gastrokulture-u-bijeljini-_-25-4-2025\/","title":{"rendered":"PARTICIPATION IN THE TOURISM AND GASTROCULTURE FAIR IN BIJELJINA _ 25.4.2025."},"content":{"rendered":"<div data-elementor-type=\"wp-post\" data-elementor-id=\"1402\" class=\"elementor elementor-1402\" data-elementor-post-type=\"post\">\n\t\t\t\t<div class=\"elementor-element elementor-element-249f9cb6 e-flex e-con-boxed e-con e-parent\" data-id=\"249f9cb6\" data-element_type=\"container\" data-e-type=\"container\">\n\t\t\t\t\t<div class=\"e-con-inner\">\n\t\t\t\t<div class=\"elementor-element elementor-element-38fba44e elementor-widget elementor-widget-text-editor\" data-id=\"38fba44e\" data-element_type=\"widget\" data-e-type=\"widget\" data-widget_type=\"text-editor.default\">\n\t\t\t\t<div class=\"elementor-widget-container\">\n\t\t\t\t\t\t\t\t\t<p>Under the auspices of the City of Bijeljina, and organized by the Bijeljina Tourist Organization, the two-day 14th tourism and gastroculture fair &quot;Bijeljina-turist 2025&quot; was held at the &quot;Drina&quot; hotel. Emphasizing that the number of exhibitors from the country and the surrounding area is growing year by year, Dragana Dimi\u0107 from the Bijeljina Tourist Organization emphasized that this year about a hundred exhibitors took part in the Fair. Among the exhibitors were representatives of the UGIP &quot;Rino Zandonai&quot; Tuzla, who promoted the tourist opportunities of northern Italy at the fair, as well as the activities of the Italian Association. The Association traditionally participates in the fair in Bijeljina, and responds to the invitation of the organizers, which significantly improves the visibility of the association. The association did not prepare gastronomic offers like in previous years, but there was a lot of tourist material that visitors to the fair were happy to take and carry with them. The association received a letter of appreciation for participation and an invitation to host in 2026.<\/p>\n<p><!-- \/wp:gallery --><\/p>\t\t\t\t\t\t\t\t<\/div>\n\t\t\t\t<\/div>\n\t\t\t\t<div class=\"elementor-element elementor-element-f6a79b4 gallery-spacing-custom elementor-widget elementor-widget-image-gallery\" data-id=\"f6a79b4\" data-element_type=\"widget\" data-e-type=\"widget\" data-widget_type=\"image-gallery.default\">\n\t\t\t\t<div class=\"elementor-widget-container\">\n\t\t\t\t\t\t\t<div class=\"elementor-image-gallery\">\n\t\t\t<div id='gallery-1' class='gallery galleryid-1402 gallery-columns-3 gallery-size-full'><figure class='gallery-item'>\n\t\t\t<div class='gallery-icon landscape'>\n\t\t\t\t<a data-elementor-open-lightbox=\"yes\" data-elementor-lightbox-slideshow=\"f6a79b4\" data-elementor-lightbox-title=\"1\" data-e-action-hash=\"#elementor-action%3Aaction%3Dlightbox%26settings%3DeyJpZCI6MTQwNCwidXJsIjoiaHR0cHM6XC9cL3VnaXAtdHouYmFcL3dwLWNvbnRlbnRcL3VwbG9hZHNcLzIwMjVcLzA0XC8xLmpwZyIsInNsaWRlc2hvdyI6ImY2YTc5YjQifQ%3D%3D\" href='https:\/\/ugip-tz.ba\/wp-content\/uploads\/2025\/04\/1.jpg'><img fetchpriority=\"high\" decoding=\"async\" width=\"1097\" height=\"823\" src=\"https:\/\/ugip-tz.ba\/wp-content\/uploads\/2025\/04\/1.jpg\" class=\"attachment-full size-full\" alt=\"\" srcset=\"https:\/\/ugip-tz.ba\/wp-content\/uploads\/2025\/04\/1.jpg 1097w, https:\/\/ugip-tz.ba\/wp-content\/uploads\/2025\/04\/1-300x225.jpg 300w, https:\/\/ugip-tz.ba\/wp-content\/uploads\/2025\/04\/1-1024x768.jpg 1024w, https:\/\/ugip-tz.ba\/wp-content\/uploads\/2025\/04\/1-768x576.jpg 768w, https:\/\/ugip-tz.ba\/wp-content\/uploads\/2025\/04\/1-16x12.jpg 16w\" sizes=\"(max-width: 1097px) 100vw, 1097px\" \/><\/a>\n\t\t\t<\/div><\/figure><figure class='gallery-item'>\n\t\t\t<div class='gallery-icon landscape'>\n\t\t\t\t<a data-elementor-open-lightbox=\"yes\" data-elementor-lightbox-slideshow=\"f6a79b4\" data-elementor-lightbox-title=\"2\" data-e-action-hash=\"#elementor-action%3Aaction%3Dlightbox%26settings%3DeyJpZCI6MTQwNSwidXJsIjoiaHR0cHM6XC9cL3VnaXAtdHouYmFcL3dwLWNvbnRlbnRcL3VwbG9hZHNcLzIwMjVcLzA0XC8yLTIuanBnIiwic2xpZGVzaG93IjoiZjZhNzliNCJ9\" href='https:\/\/ugip-tz.ba\/wp-content\/uploads\/2025\/04\/2-2.jpg'><img decoding=\"async\" width=\"1181\" height=\"887\" src=\"https:\/\/ugip-tz.ba\/wp-content\/uploads\/2025\/04\/2-2.jpg\" class=\"attachment-full size-full\" alt=\"\" srcset=\"https:\/\/ugip-tz.ba\/wp-content\/uploads\/2025\/04\/2-2.jpg 1181w, https:\/\/ugip-tz.ba\/wp-content\/uploads\/2025\/04\/2-2-300x225.jpg 300w, https:\/\/ugip-tz.ba\/wp-content\/uploads\/2025\/04\/2-2-1024x769.jpg 1024w, https:\/\/ugip-tz.ba\/wp-content\/uploads\/2025\/04\/2-2-768x577.jpg 768w, https:\/\/ugip-tz.ba\/wp-content\/uploads\/2025\/04\/2-2-16x12.jpg 16w\" sizes=\"(max-width: 1181px) 100vw, 1181px\" \/><\/a>\n\t\t\t<\/div><\/figure><figure class='gallery-item'>\n\t\t\t<div class='gallery-icon landscape'>\n\t\t\t\t<a data-elementor-open-lightbox=\"yes\" data-elementor-lightbox-slideshow=\"f6a79b4\" data-elementor-lightbox-title=\"3\" data-e-action-hash=\"#elementor-action%3Aaction%3Dlightbox%26settings%3DeyJpZCI6MTQwNiwidXJsIjoiaHR0cHM6XC9cL3VnaXAtdHouYmFcL3dwLWNvbnRlbnRcL3VwbG9hZHNcLzIwMjVcLzA0XC8zLTEuanBnIiwic2xpZGVzaG93IjoiZjZhNzliNCJ9\" href='https:\/\/ugip-tz.ba\/wp-content\/uploads\/2025\/04\/3-1.jpg'><img decoding=\"async\" width=\"1088\" height=\"816\" src=\"https:\/\/ugip-tz.ba\/wp-content\/uploads\/2025\/04\/3-1.jpg\" class=\"attachment-full size-full\" alt=\"\" srcset=\"https:\/\/ugip-tz.ba\/wp-content\/uploads\/2025\/04\/3-1.jpg 1088w, https:\/\/ugip-tz.ba\/wp-content\/uploads\/2025\/04\/3-1-300x225.jpg 300w, https:\/\/ugip-tz.ba\/wp-content\/uploads\/2025\/04\/3-1-1024x768.jpg 1024w, https:\/\/ugip-tz.ba\/wp-content\/uploads\/2025\/04\/3-1-768x576.jpg 768w, https:\/\/ugip-tz.ba\/wp-content\/uploads\/2025\/04\/3-1-16x12.jpg 16w\" sizes=\"(max-width: 1088px) 100vw, 1088px\" \/><\/a>\n\t\t\t<\/div><\/figure><figure class='gallery-item'>\n\t\t\t<div class='gallery-icon portrait'>\n\t\t\t\t<a data-elementor-open-lightbox=\"yes\" data-elementor-lightbox-slideshow=\"f6a79b4\" data-elementor-lightbox-title=\"5\" data-e-action-hash=\"#elementor-action%3Aaction%3Dlightbox%26settings%3DeyJpZCI6MTQwOCwidXJsIjoiaHR0cHM6XC9cL3VnaXAtdHouYmFcL3dwLWNvbnRlbnRcL3VwbG9hZHNcLzIwMjVcLzA0XC81LTIuanBnIiwic2xpZGVzaG93IjoiZjZhNzliNCJ9\" href='https:\/\/ugip-tz.ba\/wp-content\/uploads\/2025\/04\/5-2.jpg'><img loading=\"lazy\" decoding=\"async\" width=\"955\" height=\"1351\" src=\"https:\/\/ugip-tz.ba\/wp-content\/uploads\/2025\/04\/5-2.jpg\" class=\"attachment-full size-full\" alt=\"\" srcset=\"https:\/\/ugip-tz.ba\/wp-content\/uploads\/2025\/04\/5-2.jpg 955w, https:\/\/ugip-tz.ba\/wp-content\/uploads\/2025\/04\/5-2-212x300.jpg 212w, https:\/\/ugip-tz.ba\/wp-content\/uploads\/2025\/04\/5-2-724x1024.jpg 724w, https:\/\/ugip-tz.ba\/wp-content\/uploads\/2025\/04\/5-2-768x1086.jpg 768w, https:\/\/ugip-tz.ba\/wp-content\/uploads\/2025\/04\/5-2-8x12.jpg 8w\" sizes=\"(max-width: 955px) 100vw, 955px\" \/><\/a>\n\t\t\t<\/div><\/figure>\n\t\t<\/div>\n\t\t<\/div>\n\t\t\t\t\t\t<\/div>\n\t\t\t\t<\/div>\n\t\t\t\t\t<\/div>\n\t\t\t\t<\/div>\n\t\t\t\t<\/div>","protected":false},"excerpt":{"rendered":"<p>Pod pokroviteljstvom Grada Bijeljina, a u organizaciji Turisti\u010dke organizacije Bijeljina, u hotelu \u201eDrina\u201c je odr\u017ean dvodnevni 14. po redu sajam turizma i gastrokulture \u201eBijeljina-turist 2025\u201c. Isti\u010du\u0107i da broj izlaga\u010da iz zemlje i okru\u017eenja raste iz godine u godinu, Dragana Dimi\u0107 iz Turisti\u010dke organizacije Bijeljina, je naglasila da je ove godine u\u010de\u0161\u0107e na Sajmu uzelo oko [&hellip;]<\/p>\n","protected":false},"author":1,"featured_media":1404,"comment_status":"open","ping_status":"open","sticky":false,"template":"","format":"standard","meta":{"footnotes":""},"categories":[1],"tags":[],"class_list":["post-1402","post","type-post","status-publish","format-standard","has-post-thumbnail","hentry","category-uncategorized"],"_links":{"self":[{"href":"https:\/\/ugip-tz.ba\/en\/wp-json\/wp\/v2\/posts\/1402","targetHints":{"allow":["GET"]}}],"collection":[{"href":"https:\/\/ugip-tz.ba\/en\/wp-json\/wp\/v2\/posts"}],"about":[{"href":"https:\/\/ugip-tz.ba\/en\/wp-json\/wp\/v2\/types\/post"}],"author":[{"embeddable":true,"href":"https:\/\/ugip-tz.ba\/en\/wp-json\/wp\/v2\/users\/1"}],"replies":[{"embeddable":true,"href":"https:\/\/ugip-tz.ba\/en\/wp-json\/wp\/v2\/comments?post=1402"}],"version-history":[{"count":5,"href":"https:\/\/ugip-tz.ba\/en\/wp-json\/wp\/v2\/posts\/1402\/revisions"}],"predecessor-version":[{"id":1412,"href":"https:\/\/ugip-tz.ba\/en\/wp-json\/wp\/v2\/posts\/1402\/revisions\/1412"}],"wp:featuredmedia":[{"embeddable":true,"href":"https:\/\/ugip-tz.ba\/en\/wp-json\/wp\/v2\/media\/1404"}],"wp:attachment":[{"href":"https:\/\/ugip-tz.ba\/en\/wp-json\/wp\/v2\/media?parent=1402"}],"wp:term":[{"taxonomy":"category","embeddable":true,"href":"https:\/\/ugip-tz.ba\/en\/wp-json\/wp\/v2\/categories?post=1402"},{"taxonomy":"post_tag","embeddable":true,"href":"https:\/\/ugip-tz.ba\/en\/wp-json\/wp\/v2\/tags?post=1402"}],"curies":[{"name":"wp","href":"https:\/\/api.w.org\/{rel}","templated":true}]}}